{"id":543,"date":"2022-02-20T11:56:14","date_gmt":"2022-02-20T10:56:14","guid":{"rendered":"https:\/\/tousalelysee.net\/?p=543"},"modified":"2022-02-20T12:01:38","modified_gmt":"2022-02-20T11:01:38","slug":"le-general-francis-lenne-appelle-les-citoyens-et-les-parrains-a-soutenir-la-candidature-de-jean-marie-matagne-et-les-journalistes-a-en-parler","status":"publish","type":"post","link":"https:\/\/tousalelysee.net\/index.php\/2022\/02\/20\/le-general-francis-lenne-appelle-les-citoyens-et-les-parrains-a-soutenir-la-candidature-de-jean-marie-matagne-et-les-journalistes-a-en-parler\/","title":{"rendered":"Le g\u00e9n\u00e9ral Francis Lenne appelle les \u00e9lus \u00e0 parrainer la candidature de Jean-Marie Matagne. Et les journalistes \u00e0 en parler."},"content":{"rendered":"\n<p>Publi\u00e9 le 20 f\u00e9vrier 2022<\/p>\n\n\n\n<p>La menace permanente que les armes nucl\u00e9aires font peser sur chacun de nous et sur l\u2019humanit\u00e9 enti\u00e8re est tr\u00e8s souvent n\u00e9glig\u00e9e, \u00e9cart\u00e9e et sous-estim\u00e9e dans les discours politiques. Bien au contraire, dans le d\u00e9ni de cette barbarie promise, ceux qui aspirent \u00e0 nous gouverner nous manipulent en voulant nous faire croire que le maintien permanent de cette menace serait \u00ab&nbsp;la cl\u00e9 de vo\u00fbte&nbsp;\u00bb de notre s\u00e9curit\u00e9.<\/p>\n\n\n\n<p>Mais de quelle \u00ab&nbsp;s\u00e9curit\u00e9&nbsp;\u00bb s\u2019agit-il&nbsp;? Nous le voyons, ces armes n\u2019ont jamais emp\u00each\u00e9 les pires des conflits qui contournent sans cesse la pr\u00e9tendue \u00ab&nbsp;dissuasion nucl\u00e9aire&nbsp;\u00bb, encore une fois aux portes de l\u2019Europe. Elles n\u2019ont pas pr\u00e9venu les autres menaces comme le terrorisme international, les pand\u00e9mies, les graves pollutions auxquelles d\u2019ailleurs ces armes participent en empoisonnant le milieu de leurs r\u00e9sidus radioactifs, ni les cons\u00e9quences du d\u00e9r\u00e8glement climatique avec les famines et les migrations qu\u2019elles entra\u00eenent. Bien au contraire ces armes d\u00e9tournent des ressources qui seraient n\u00e9cessaires pour g\u00e9rer les transitions que la globalisation des autres menaces rend n\u00e9cessaire afin d\u2019 assurer sur le long terme notre s\u00e9curit\u00e9 collective. C\u2019est ce programme de renversement du paradigme nucl\u00e9aire actuel que <strong>Jean-Marie Matagne<\/strong> veut pr\u00e9senter afin que chacun puisse, en pleine connaissance des risques immenses qui nous sont promis, prendre la parole et l\u2019imposer d\u00e9mocratiquement.<\/p>\n\n\n\n<p>Les dirigeants nucl\u00e9aires affirment cependant, en totale contradiction avec ce discours, qu\u2019ils veulent \u00e9liminer ces armes de destruction massive, armes qui sont en totale violation des droits humanitaires qu\u2019ils ont adopt\u00e9s. Nouvelle manipulation, car ils n\u2019en font rien. En France les budgets affect\u00e9s aux armes nucl\u00e9aires ont en effet pratiquement doubl\u00e9 et ces armes sont p\u00e9rennis\u00e9es sur le tr\u00e8s long terme. Leur v\u00e9ritable mobile n\u2019est en r\u00e9alit\u00e9 que l\u2019illusion de puissance que ces armes barbares leur donnent, dans le refoulement des crimes d\u00e9j\u00e0 commis par leur usage et leur production et qu\u2019un accident majeur ne pourra pas \u00e9viter. Les lobbies qui profitent de cette politique, industriels comme institutionnels, ne font qu\u2019encourager ces pr\u00e9tendants au pouvoir dans le m\u00e9pris des populations et des g\u00e9n\u00e9rations futures, par la corruption rampante d\u00e9guis\u00e9e en soutien de politiques pseudo-s\u00e9curitaires provocatrices.<\/p>\n\n\n\n<p>Ceux qui, comme <strong>Jean-Marie Matagne,<\/strong> tentent d\u2019appeler \u00e0 la raison sont souvent m\u00e9pris\u00e9s et les m\u00e9dias sous la coupe de ces lobbies laissent peu de place \u00e0 la contradiction et \u00e0 la pr\u00e9sentation de la r\u00e9alit\u00e9. Aucun r\u00e9el d\u00e9bat public n\u2019est organis\u00e9 sur ce sujet en d\u00e9pit des d\u00e9penses consid\u00e9rables que cette politique spoliatrice entra\u00eene et de la mobilisation de ressources humaines et industrielles ainsi d\u00e9tourn\u00e9es. Nos droits sont ainsi viol\u00e9s, impun\u00e9ment et en dehors de tout respect de la d\u00e9mocratie.<\/p>\n\n\n\n<p>Cette menace latente et insidieuse est pourtant la pire de toutes puisque c\u2019est la civilisation qui pourrait \u00eatre an\u00e9antie par seulement quelques tirs d\u2019armes nucl\u00e9aires sur les m\u00e9tropoles, vis\u00e9es a priori et \u00e0 chaque instant par les plans de frappe \u00e9labor\u00e9s par les seuls neuf \u00c9tats dot\u00e9s de ces armes et leur quelques alli\u00e9s. La France, qui se veut \u00ab&nbsp;le pays des Droits de l\u2019Homme&nbsp;\u00bb, ne perdra rien en engageant ce changement. Bien au contraire elle se doit d\u2019\u00eatre \u00e0 la t\u00eate de ce mouvement mondial.<\/p>\n\n\n\n<p>Pourquoi ce d\u00e9ni assez g\u00e9n\u00e9ral du risque nucl\u00e9aire, en particulier militaire, subsiste-t-il alors qu\u2019il peut tous nous d\u00e9truire en un instant et affecter les g\u00e9n\u00e9rations futures dans la tr\u00e8s longue dur\u00e9e, par les contaminations radioactives d\u00e9j\u00e0 provoqu\u00e9es en de multiples r\u00e9gions, sans jamais dissuader les conflits qui d\u00e9stabilisent la plan\u00e8te et mettent \u00e0 mal l\u2019\u00e9conomie mondiale&nbsp;? La supercherie de la pr\u00e9tendue \u00ab&nbsp;dissuasion nucl\u00e9aire&nbsp;\u00bb perdure. Nous ne devons plus nous voiler la face sur cette r\u00e9alit\u00e9 \u00e0 la fois suicidaire et barbare, h\u00e9g\u00e9monique et provocatrice, ni accepter d\u2019y \u00eatre soumis \u00e0 nos d\u00e9pens. Des voix comme celle de<strong> Jean-Marie Matagne,<\/strong> indispensables, doivent \u00eatre entendues. Nous ne devons plus laisser nos dirigeants, comme en France, faire l\u2019\u00e9loge de la violence ultime par bombardements nucl\u00e9aires en pr\u00e9tendant que ce serait un gage absolu de s\u00e9curit\u00e9. Cet exemple est humiliant pour les populations et pour les \u00c9tats qui respectent le droit. Il est provocateur pour ceux qui ne supportent plus cette h\u00e9g\u00e9monie, stimulant ainsi la prolif\u00e9ration nucl\u00e9aire.<\/p>\n\n\n\n<p>Nous vous remercions de soutenir <strong>Jean-Marie Matagne<\/strong> ou de requ\u00e9rir ce soutien aupr\u00e8s d\u2019un \u00e9lu qui serait encore en mesure de l\u2019accorder si vous souhaitez r\u00e9ellement que soient assur\u00e9es notre s\u00e9curit\u00e9 et celle de nos enfants.<\/p>\n\n\n\n<p><strong>G\u00e9n\u00e9ral (2S) Francis Lenne, comit\u00e9 de soutien \u00e0 Jean-Marie Matagne pour 2022.<\/strong><\/p>\n\n\n\n<p>***<br><em><a href=\"https:\/\/www.acdn.net\/spip\/IMG\/docx\/bulletin-de-soutien-et-de-parrainage-2.docx\"><\/a><\/em><\/p>\n\n\n\n<p><em>Bulletin de soutien et de parrainage<br>\u00e0 retourner au CSCJMM par mail et\/ou par la poste<\/em><\/p>\n\n\n\n<p><strong><em>Ra<\/em><\/strong><em><strong>ppel\u00a0:<\/strong> Les formulaires officiels de parrainage (ou &#8220;pr\u00e9sentations&#8221;), remplis et sign\u00e9s, doivent parvenir ou \u00eatre d\u00e9pos\u00e9s au Conseil constitutionnel, 2 rue de Montpensier, 75 001 Paris<\/em>, <em> au plus tard le <strong>vendredi 4 mars 2022 avant 18h.<\/strong><\/em><\/p>\n","protected":false},"excerpt":{"rendered":"<p>Publi\u00e9 le 20 f\u00e9vrier 2022 La menace permanente que les armes nucl\u00e9aires font peser sur chacun de nous et sur l\u2019humanit\u00e9 enti\u00e8re est tr\u00e8s souvent n\u00e9glig\u00e9e, \u00e9cart\u00e9e et sous-estim\u00e9e dans les discours politiques. Bien au contraire, dans le d\u00e9ni de cette barbarie promise, ceux qui aspirent \u00e0 nous gouverner nous manipulent en voulant nous faire [&hellip;]<\/p>\n","protected":false},"author":1,"featured_media":0,"comment_status":"closed","ping_status":"closed","sticky":false,"template":"","format":"standard","meta":{"footnotes":""},"categories":[1],"tags":[],"class_list":["post-543","post","type-post","status-publish","format-standard","hentry","category-non-classe"],"yoast_head":"<!-- This site is optimized with the Yoast SEO plugin v24.9 - https:\/\/yoast.com\/wordpress\/plugins\/seo\/ -->\n<title>Le g\u00e9n\u00e9ral Francis Lenne appelle les \u00e9lus \u00e0 parrainer la candidature de Jean-Marie Matagne. Et les journalistes \u00e0 en parler. - Tous \u00e0 l&#039;\u00c9lys\u00e9e<\/title>\n<meta name=\"robots\" content=\"index, follow, max-snippet:-1, max-image-preview:large, max-video-preview:-1\" \/>\n<link rel=\"canonical\" href=\"https:\/\/tousalelysee.net\/index.php\/2022\/02\/20\/le-general-francis-lenne-appelle-les-citoyens-et-les-parrains-a-soutenir-la-candidature-de-jean-marie-matagne-et-les-journalistes-a-en-parler\/\" \/>\n<meta property=\"og:locale\" content=\"en_US\" \/>\n<meta property=\"og:type\" content=\"article\" \/>\n<meta property=\"og:title\" content=\"Le g\u00e9n\u00e9ral Francis Lenne appelle les \u00e9lus \u00e0 parrainer la candidature de Jean-Marie Matagne. Et les journalistes \u00e0 en parler. - Tous \u00e0 l&#039;\u00c9lys\u00e9e\" \/>\n<meta property=\"og:description\" content=\"Publi\u00e9 le 20 f\u00e9vrier 2022 La menace permanente que les armes nucl\u00e9aires font peser sur chacun de nous et sur l\u2019humanit\u00e9 enti\u00e8re est tr\u00e8s souvent n\u00e9glig\u00e9e, \u00e9cart\u00e9e et sous-estim\u00e9e dans les discours politiques. Bien au contraire, dans le d\u00e9ni de cette barbarie promise, ceux qui aspirent \u00e0 nous gouverner nous manipulent en voulant nous faire [&hellip;]\" \/>\n<meta property=\"og:url\" content=\"https:\/\/tousalelysee.net\/index.php\/2022\/02\/20\/le-general-francis-lenne-appelle-les-citoyens-et-les-parrains-a-soutenir-la-candidature-de-jean-marie-matagne-et-les-journalistes-a-en-parler\/\" \/>\n<meta property=\"og:site_name\" content=\"Tous \u00e0 l&#039;\u00c9lys\u00e9e\" \/>\n<meta property=\"article:published_time\" content=\"2022-02-20T10:56:14+00:00\" \/>\n<meta property=\"article:modified_time\" content=\"2022-02-20T11:01:38+00:00\" \/>\n<meta name=\"author\" content=\"admin5813\" \/>\n<meta name=\"twitter:card\" content=\"summary_large_image\" \/>\n<meta name=\"twitter:label1\" content=\"Written by\" \/>\n\t<meta name=\"twitter:data1\" content=\"admin5813\" \/>\n\t<meta name=\"twitter:label2\" content=\"Est. reading time\" \/>\n\t<meta name=\"twitter:data2\" content=\"4 minutes\" \/>\n<script type=\"application\/ld+json\" class=\"yoast-schema-graph\">{\"@context\":\"https:\/\/schema.org\",\"@graph\":[{\"@type\":\"Article\",\"@id\":\"https:\/\/tousalelysee.net\/index.php\/2022\/02\/20\/le-general-francis-lenne-appelle-les-citoyens-et-les-parrains-a-soutenir-la-candidature-de-jean-marie-matagne-et-les-journalistes-a-en-parler\/#article\",\"isPartOf\":{\"@id\":\"https:\/\/tousalelysee.net\/index.php\/2022\/02\/20\/le-general-francis-lenne-appelle-les-citoyens-et-les-parrains-a-soutenir-la-candidature-de-jean-marie-matagne-et-les-journalistes-a-en-parler\/\"},\"author\":{\"name\":\"admin5813\",\"@id\":\"https:\/\/tousalelysee.net\/#\/schema\/person\/e808daabd5e295c7e18484c92083fc0c\"},\"headline\":\"Le g\u00e9n\u00e9ral Francis Lenne appelle les \u00e9lus \u00e0 parrainer la candidature de Jean-Marie Matagne. Et les journalistes \u00e0 en parler.\",\"datePublished\":\"2022-02-20T10:56:14+00:00\",\"dateModified\":\"2022-02-20T11:01:38+00:00\",\"mainEntityOfPage\":{\"@id\":\"https:\/\/tousalelysee.net\/index.php\/2022\/02\/20\/le-general-francis-lenne-appelle-les-citoyens-et-les-parrains-a-soutenir-la-candidature-de-jean-marie-matagne-et-les-journalistes-a-en-parler\/\"},\"wordCount\":930,\"publisher\":{\"@id\":\"https:\/\/tousalelysee.net\/#\/schema\/person\/825a2edf2e31377a5d7011698950494c\"},\"articleSection\":[\"Pr\u00e9sidentielles 2022\"],\"inLanguage\":\"en-US\"},{\"@type\":\"WebPage\",\"@id\":\"https:\/\/tousalelysee.net\/index.php\/2022\/02\/20\/le-general-francis-lenne-appelle-les-citoyens-et-les-parrains-a-soutenir-la-candidature-de-jean-marie-matagne-et-les-journalistes-a-en-parler\/\",\"url\":\"https:\/\/tousalelysee.net\/index.php\/2022\/02\/20\/le-general-francis-lenne-appelle-les-citoyens-et-les-parrains-a-soutenir-la-candidature-de-jean-marie-matagne-et-les-journalistes-a-en-parler\/\",\"name\":\"Le g\u00e9n\u00e9ral Francis Lenne appelle les \u00e9lus \u00e0 parrainer la candidature de Jean-Marie Matagne. Et les journalistes \u00e0 en parler. - Tous \u00e0 l&#039;\u00c9lys\u00e9e\",\"isPartOf\":{\"@id\":\"https:\/\/tousalelysee.net\/#website\"},\"datePublished\":\"2022-02-20T10:56:14+00:00\",\"dateModified\":\"2022-02-20T11:01:38+00:00\",\"breadcrumb\":{\"@id\":\"https:\/\/tousalelysee.net\/index.php\/2022\/02\/20\/le-general-francis-lenne-appelle-les-citoyens-et-les-parrains-a-soutenir-la-candidature-de-jean-marie-matagne-et-les-journalistes-a-en-parler\/#breadcrumb\"},\"inLanguage\":\"en-US\",\"potentialAction\":[{\"@type\":\"ReadAction\",\"target\":[\"https:\/\/tousalelysee.net\/index.php\/2022\/02\/20\/le-general-francis-lenne-appelle-les-citoyens-et-les-parrains-a-soutenir-la-candidature-de-jean-marie-matagne-et-les-journalistes-a-en-parler\/\"]}]},{\"@type\":\"BreadcrumbList\",\"@id\":\"https:\/\/tousalelysee.net\/index.php\/2022\/02\/20\/le-general-francis-lenne-appelle-les-citoyens-et-les-parrains-a-soutenir-la-candidature-de-jean-marie-matagne-et-les-journalistes-a-en-parler\/#breadcrumb\",\"itemListElement\":[{\"@type\":\"ListItem\",\"position\":1,\"name\":\"Accueil\",\"item\":\"https:\/\/tousalelysee.net\/\"},{\"@type\":\"ListItem\",\"position\":2,\"name\":\"Le g\u00e9n\u00e9ral Francis Lenne appelle les \u00e9lus \u00e0 parrainer la candidature de Jean-Marie Matagne. Et les journalistes \u00e0 en parler.\"}]},{\"@type\":\"WebSite\",\"@id\":\"https:\/\/tousalelysee.net\/#website\",\"url\":\"https:\/\/tousalelysee.net\/\",\"name\":\"Tous \u00e0 l'\u00c9lys\u00e9e\",\"description\":\"Comit\u00e9 de soutien \u00e0 la candidature de Jean Marie Matagne\",\"publisher\":{\"@id\":\"https:\/\/tousalelysee.net\/#\/schema\/person\/825a2edf2e31377a5d7011698950494c\"},\"potentialAction\":[{\"@type\":\"SearchAction\",\"target\":{\"@type\":\"EntryPoint\",\"urlTemplate\":\"https:\/\/tousalelysee.net\/?s={search_term_string}\"},\"query-input\":{\"@type\":\"PropertyValueSpecification\",\"valueRequired\":true,\"valueName\":\"search_term_string\"}}],\"inLanguage\":\"en-US\"},{\"@type\":[\"Person\",\"Organization\"],\"@id\":\"https:\/\/tousalelysee.net\/#\/schema\/person\/825a2edf2e31377a5d7011698950494c\",\"name\":\"Jean-Marie Matagne\",\"image\":{\"@type\":\"ImageObject\",\"inLanguage\":\"en-US\",\"@id\":\"https:\/\/tousalelysee.net\/#\/schema\/person\/image\/\",\"url\":\"https:\/\/secure.gravatar.com\/avatar\/ce7b23af69c7ad417200622d5999f588e50c14977aec8104613b9036a66a9eb5?s=96&d=mm&r=g\",\"contentUrl\":\"https:\/\/secure.gravatar.com\/avatar\/ce7b23af69c7ad417200622d5999f588e50c14977aec8104613b9036a66a9eb5?s=96&d=mm&r=g\",\"caption\":\"Jean-Marie Matagne\"},\"logo\":{\"@id\":\"https:\/\/tousalelysee.net\/#\/schema\/person\/image\/\"}},{\"@type\":\"Person\",\"@id\":\"https:\/\/tousalelysee.net\/#\/schema\/person\/e808daabd5e295c7e18484c92083fc0c\",\"name\":\"admin5813\",\"image\":{\"@type\":\"ImageObject\",\"inLanguage\":\"en-US\",\"@id\":\"https:\/\/tousalelysee.net\/#\/schema\/person\/image\/\",\"url\":\"https:\/\/secure.gravatar.com\/avatar\/407f0ff84f7be4e33aa306baf732a0181b1fc226ae8a97250851e8159fa2f2c7?s=96&d=mm&r=g\",\"contentUrl\":\"https:\/\/secure.gravatar.com\/avatar\/407f0ff84f7be4e33aa306baf732a0181b1fc226ae8a97250851e8159fa2f2c7?s=96&d=mm&r=g\",\"caption\":\"admin5813\"},\"sameAs\":[\"http:\/\/tousalelysee.net\"],\"url\":\"https:\/\/tousalelysee.net\/index.php\/author\/admin5813\/\"}]}<\/script>\n<!-- \/ Yoast SEO plugin. -->","yoast_head_json":{"title":"Le g\u00e9n\u00e9ral Francis Lenne appelle les \u00e9lus \u00e0 parrainer la candidature de Jean-Marie Matagne. Et les journalistes \u00e0 en parler. - Tous \u00e0 l&#039;\u00c9lys\u00e9e","robots":{"index":"index","follow":"follow","max-snippet":"max-snippet:-1","max-image-preview":"max-image-preview:large","max-video-preview":"max-video-preview:-1"},"canonical":"https:\/\/tousalelysee.net\/index.php\/2022\/02\/20\/le-general-francis-lenne-appelle-les-citoyens-et-les-parrains-a-soutenir-la-candidature-de-jean-marie-matagne-et-les-journalistes-a-en-parler\/","og_locale":"en_US","og_type":"article","og_title":"Le g\u00e9n\u00e9ral Francis Lenne appelle les \u00e9lus \u00e0 parrainer la candidature de Jean-Marie Matagne. Et les journalistes \u00e0 en parler. - Tous \u00e0 l&#039;\u00c9lys\u00e9e","og_description":"Publi\u00e9 le 20 f\u00e9vrier 2022 La menace permanente que les armes nucl\u00e9aires font peser sur chacun de nous et sur l\u2019humanit\u00e9 enti\u00e8re est tr\u00e8s souvent n\u00e9glig\u00e9e, \u00e9cart\u00e9e et sous-estim\u00e9e dans les discours politiques. Bien au contraire, dans le d\u00e9ni de cette barbarie promise, ceux qui aspirent \u00e0 nous gouverner nous manipulent en voulant nous faire [&hellip;]","og_url":"https:\/\/tousalelysee.net\/index.php\/2022\/02\/20\/le-general-francis-lenne-appelle-les-citoyens-et-les-parrains-a-soutenir-la-candidature-de-jean-marie-matagne-et-les-journalistes-a-en-parler\/","og_site_name":"Tous \u00e0 l&#039;\u00c9lys\u00e9e","article_published_time":"2022-02-20T10:56:14+00:00","article_modified_time":"2022-02-20T11:01:38+00:00","author":"admin5813","twitter_card":"summary_large_image","twitter_misc":{"Written by":"admin5813","Est. reading time":"4 minutes"},"schema":{"@context":"https:\/\/schema.org","@graph":[{"@type":"Article","@id":"https:\/\/tousalelysee.net\/index.php\/2022\/02\/20\/le-general-francis-lenne-appelle-les-citoyens-et-les-parrains-a-soutenir-la-candidature-de-jean-marie-matagne-et-les-journalistes-a-en-parler\/#article","isPartOf":{"@id":"https:\/\/tousalelysee.net\/index.php\/2022\/02\/20\/le-general-francis-lenne-appelle-les-citoyens-et-les-parrains-a-soutenir-la-candidature-de-jean-marie-matagne-et-les-journalistes-a-en-parler\/"},"author":{"name":"admin5813","@id":"https:\/\/tousalelysee.net\/#\/schema\/person\/e808daabd5e295c7e18484c92083fc0c"},"headline":"Le g\u00e9n\u00e9ral Francis Lenne appelle les \u00e9lus \u00e0 parrainer la candidature de Jean-Marie Matagne. Et les journalistes \u00e0 en parler.","datePublished":"2022-02-20T10:56:14+00:00","dateModified":"2022-02-20T11:01:38+00:00","mainEntityOfPage":{"@id":"https:\/\/tousalelysee.net\/index.php\/2022\/02\/20\/le-general-francis-lenne-appelle-les-citoyens-et-les-parrains-a-soutenir-la-candidature-de-jean-marie-matagne-et-les-journalistes-a-en-parler\/"},"wordCount":930,"publisher":{"@id":"https:\/\/tousalelysee.net\/#\/schema\/person\/825a2edf2e31377a5d7011698950494c"},"articleSection":["Pr\u00e9sidentielles 2022"],"inLanguage":"en-US"},{"@type":"WebPage","@id":"https:\/\/tousalelysee.net\/index.php\/2022\/02\/20\/le-general-francis-lenne-appelle-les-citoyens-et-les-parrains-a-soutenir-la-candidature-de-jean-marie-matagne-et-les-journalistes-a-en-parler\/","url":"https:\/\/tousalelysee.net\/index.php\/2022\/02\/20\/le-general-francis-lenne-appelle-les-citoyens-et-les-parrains-a-soutenir-la-candidature-de-jean-marie-matagne-et-les-journalistes-a-en-parler\/","name":"Le g\u00e9n\u00e9ral Francis Lenne appelle les \u00e9lus \u00e0 parrainer la candidature de Jean-Marie Matagne. Et les journalistes \u00e0 en parler. - Tous \u00e0 l&#039;\u00c9lys\u00e9e","isPartOf":{"@id":"https:\/\/tousalelysee.net\/#website"},"datePublished":"2022-02-20T10:56:14+00:00","dateModified":"2022-02-20T11:01:38+00:00","breadcrumb":{"@id":"https:\/\/tousalelysee.net\/index.php\/2022\/02\/20\/le-general-francis-lenne-appelle-les-citoyens-et-les-parrains-a-soutenir-la-candidature-de-jean-marie-matagne-et-les-journalistes-a-en-parler\/#breadcrumb"},"inLanguage":"en-US","potentialAction":[{"@type":"ReadAction","target":["https:\/\/tousalelysee.net\/index.php\/2022\/02\/20\/le-general-francis-lenne-appelle-les-citoyens-et-les-parrains-a-soutenir-la-candidature-de-jean-marie-matagne-et-les-journalistes-a-en-parler\/"]}]},{"@type":"BreadcrumbList","@id":"https:\/\/tousalelysee.net\/index.php\/2022\/02\/20\/le-general-francis-lenne-appelle-les-citoyens-et-les-parrains-a-soutenir-la-candidature-de-jean-marie-matagne-et-les-journalistes-a-en-parler\/#breadcrumb","itemListElement":[{"@type":"ListItem","position":1,"name":"Accueil","item":"https:\/\/tousalelysee.net\/"},{"@type":"ListItem","position":2,"name":"Le g\u00e9n\u00e9ral Francis Lenne appelle les \u00e9lus \u00e0 parrainer la candidature de Jean-Marie Matagne. Et les journalistes \u00e0 en parler."}]},{"@type":"WebSite","@id":"https:\/\/tousalelysee.net\/#website","url":"https:\/\/tousalelysee.net\/","name":"Tous \u00e0 l'\u00c9lys\u00e9e","description":"Comit\u00e9 de soutien \u00e0 la candidature de Jean Marie Matagne","publisher":{"@id":"https:\/\/tousalelysee.net\/#\/schema\/person\/825a2edf2e31377a5d7011698950494c"},"potentialAction":[{"@type":"SearchAction","target":{"@type":"EntryPoint","urlTemplate":"https:\/\/tousalelysee.net\/?s={search_term_string}"},"query-input":{"@type":"PropertyValueSpecification","valueRequired":true,"valueName":"search_term_string"}}],"inLanguage":"en-US"},{"@type":["Person","Organization"],"@id":"https:\/\/tousalelysee.net\/#\/schema\/person\/825a2edf2e31377a5d7011698950494c","name":"Jean-Marie Matagne","image":{"@type":"ImageObject","inLanguage":"en-US","@id":"https:\/\/tousalelysee.net\/#\/schema\/person\/image\/","url":"https:\/\/secure.gravatar.com\/avatar\/ce7b23af69c7ad417200622d5999f588e50c14977aec8104613b9036a66a9eb5?s=96&d=mm&r=g","contentUrl":"https:\/\/secure.gravatar.com\/avatar\/ce7b23af69c7ad417200622d5999f588e50c14977aec8104613b9036a66a9eb5?s=96&d=mm&r=g","caption":"Jean-Marie Matagne"},"logo":{"@id":"https:\/\/tousalelysee.net\/#\/schema\/person\/image\/"}},{"@type":"Person","@id":"https:\/\/tousalelysee.net\/#\/schema\/person\/e808daabd5e295c7e18484c92083fc0c","name":"admin5813","image":{"@type":"ImageObject","inLanguage":"en-US","@id":"https:\/\/tousalelysee.net\/#\/schema\/person\/image\/","url":"https:\/\/secure.gravatar.com\/avatar\/407f0ff84f7be4e33aa306baf732a0181b1fc226ae8a97250851e8159fa2f2c7?s=96&d=mm&r=g","contentUrl":"https:\/\/secure.gravatar.com\/avatar\/407f0ff84f7be4e33aa306baf732a0181b1fc226ae8a97250851e8159fa2f2c7?s=96&d=mm&r=g","caption":"admin5813"},"sameAs":["http:\/\/tousalelysee.net"],"url":"https:\/\/tousalelysee.net\/index.php\/author\/admin5813\/"}]}},"_links":{"self":[{"href":"https:\/\/tousalelysee.net\/index.php\/wp-json\/wp\/v2\/posts\/543","targetHints":{"allow":["GET"]}}],"collection":[{"href":"https:\/\/tousalelysee.net\/index.php\/wp-json\/wp\/v2\/posts"}],"about":[{"href":"https:\/\/tousalelysee.net\/index.php\/wp-json\/wp\/v2\/types\/post"}],"author":[{"embeddable":true,"href":"https:\/\/tousalelysee.net\/index.php\/wp-json\/wp\/v2\/users\/1"}],"replies":[{"embeddable":true,"href":"https:\/\/tousalelysee.net\/index.php\/wp-json\/wp\/v2\/comments?post=543"}],"version-history":[{"count":3,"href":"https:\/\/tousalelysee.net\/index.php\/wp-json\/wp\/v2\/posts\/543\/revisions"}],"predecessor-version":[{"id":547,"href":"https:\/\/tousalelysee.net\/index.php\/wp-json\/wp\/v2\/posts\/543\/revisions\/547"}],"wp:attachment":[{"href":"https:\/\/tousalelysee.net\/index.php\/wp-json\/wp\/v2\/media?parent=543"}],"wp:term":[{"taxonomy":"category","embeddable":true,"href":"https:\/\/tousalelysee.net\/index.php\/wp-json\/wp\/v2\/categories?post=543"},{"taxonomy":"post_tag","embeddable":true,"href":"https:\/\/tousalelysee.net\/index.php\/wp-json\/wp\/v2\/tags?post=543"}],"curies":[{"name":"wp","href":"https:\/\/api.w.org\/{rel}","templated":true}]}}