{"id":405,"date":"2021-12-18T23:21:41","date_gmt":"2021-12-18T22:21:41","guid":{"rendered":"https:\/\/tousalelysee.net\/?p=405"},"modified":"2021-12-19T01:44:43","modified_gmt":"2021-12-19T00:44:43","slug":"les-francais-mesurent-ils-le-danger","status":"publish","type":"post","link":"https:\/\/tousalelysee.net\/index.php\/2021\/12\/18\/les-francais-mesurent-ils-le-danger\/","title":{"rendered":"Les Fran\u00e7ais mesurent-ils le danger ?"},"content":{"rendered":"\n<p><\/p>\n\n\n\n<p>Alors que les tambours de guerre battent \u00e0 l\u2019Est de l\u2019Europe, en France on ne voit rien venir en dehors de la N-i\u00e8me vague du Covid, on n\u2019entend rien que les joutes d\u2019ambitieux qui r\u00eavent d\u2019occuper ou de r\u00e9occuper la place du monarque et de jouer les Jupiter, sans autre vision historique que celle de leur propre destin\u00e9e. <\/p>\n\n\n\n<p>Selon le secr\u00e9taire g\u00e9n\u00e9ral de l\u2019ONU <strong>Ant\u00f3nio&nbsp;Guterres<\/strong> et selon de tr\u00e8s nombreux observateurs \u00e0 travers le monde (sauf en France), <strong>le plus grave danger qui nous menace aujourd\u2019hui, parall\u00e8lement au d\u00e9r\u00e8glement climatique, ce sont la guerre et les armes nucl\u00e9aires, qui nous pr\u00e9parent l\u2019apocalypse. Est-ce une fatalit\u00e9&nbsp;? Oui, si l\u2019on continue \u00e0 faire l\u2019autruche. Non, si l\u2019on affronte le danger, comme l\u2019histoire le prouve.<\/strong><\/p>\n\n\n\n<p>En janvier 1986, Mikha\u00efl Gorbatchev, alors \u00e0 la t\u00eate de l\u2019Union Sovi\u00e9tique depuis environ six mois, lan\u00e7ait un appel surprenant&nbsp;<strong>: \u00ab&nbsp;Plus aucune arme nucl\u00e9aire d\u2019ici l\u2019an 2000&nbsp;!&nbsp;\u00bb.<\/strong> Le monde h\u00e9bergeait alors pr\u00e8s de 70&nbsp;000 \u00ab&nbsp;t\u00eates nucl\u00e9aires&nbsp;\u00bb (70&nbsp;000 bombes atomiques, la plupart thermonucl\u00e9aires, ou \u00ab&nbsp;bombes H&nbsp;\u00bb, d\u2019une puissance bien sup\u00e9rieure \u00e0 celles d\u2019Hiroshima et de Nagasaki). Le monde traversait la \u00ab&nbsp;crise des euromissiles&nbsp;\u00bb. En septembre 1983, on avait \u00e9chapp\u00e9  de tr\u00e8s peu, sans le savoir, \u00e0 une guerre atomique. Les SS-20 russes et les Pershing 2 am\u00e9ricains se faisaient face en Europe. A la t\u00eate des Etats-Unis, Ronald Reagan consid\u00e9rait l\u2019Union Sovi\u00e9tique comme \u00ab&nbsp;l\u2019Empire du mal&nbsp;\u00bb.<\/p>\n\n\n\n<p>Gorbatchev vint bouleverser la donne. Etait-il sinc\u00e8re&nbsp;? Oui. Mais cela n\u2019avait rien d\u2019\u00e9vident. Fallait-il lui faire confiance&nbsp;? Oui. Ses d\u00e9marches diplomatiques l\u2019ont prouv\u00e9 par la suite. Moins de deux ans plus tard, le 7 d\u00e9cembre 1987, il signait avec Ronald Reagan le Trait\u00e9 de Washington, qui mettait fin \u00e0 la crise des euromissiles en convenant d\u2019\u00e9liminer d\u2019Europe toutes les Forces Nucl\u00e9aires Interm\u00e9diaires (FNI).<\/p>\n\n\n\n<p>L\u2019air du temps en \u00e9tait radicalement chang\u00e9. On allait changer d\u2019\u00e8re. Pendant 40 ans, les armes atomiques avaient \u00ab&nbsp;gel\u00e9&nbsp;\u00bb la division de l\u2019Europe. L\u2019\u00e9limination des \u00ab&nbsp;fus\u00e9es&nbsp;\u00bb sonna le glas de la \u00ab&nbsp;Guerre froide&nbsp;\u00bb. Encore deux ans, et le mur de Berlin tombait. Le \u00ab&nbsp;rideau de fer&nbsp;\u00bb se leva, sans un coup de feu, sans un mort, gr\u00e2ce \u00e0 Gorbatchev, rejoint par Reagan &#8211; <strong>gr\u00e2ce au d\u00e9sarmement nucl\u00e9aire<\/strong>.<\/p>\n\n\n\n<p>Malheureusement, en l\u2019an 2000, il restait encore des milliers d\u2019armes nucl\u00e9aires, et le 11 septembre 2001, que l\u2019arsenal nucl\u00e9aire am\u00e9ricain fut bien incapable de \u00ab&nbsp;dissuader&nbsp;\u00bb, servit au contraire \u00e0 renverser la tendance et remilitariser le monde, pour le plus grand plaisir des marchands d&#8217;armes. Actuellement, il reste environ 13&nbsp;000 bombes atomiques &#8211; de quoi massacrer au moins cinq fois la totalit\u00e9 des 7 milliards d\u2019humains, et l&#8217;on r\u00e9arme partout \u00e0 tour de bras. La France peut \u00e0 elle seule, avec ses quelque 300 \u00ab&nbsp;t\u00eates&nbsp;\u00bb, faire un milliard de morts (une \u00ab&nbsp;stricte suffisance&nbsp;\u00bb, disent nos strat\u00e8ges). Elle n&#8217;oublie pas non plus d&#8217;alimenter les guerres en exportant ses armes. Que ne fait-on pas pour &#8220;la balance des paiements&#8221;, l'&#8221;emploi&#8221;, le &#8220;savoir-faire&#8221; et &#8220;le prestige fran\u00e7ais&#8221; ! Disons-le, cette France-l\u00e0 est odieuse.<\/p>\n\n\n\n<p>Il n&#8217;emp\u00eache : l\u2019histoire prouve que l\u2019abolition des armes nucl\u00e9aires peut jouer un r\u00f4le formidable pour pacifier le monde. En effet, pour que les Etats dot\u00e9s de ces armes consentent \u00e0 leur \u00e9limination, il faut qu\u2019elle soit mutuelle, progressive, n\u00e9goci\u00e9e, d\u00fbment contr\u00f4l\u00e9e, et pour finir, totale. D\u2019autre part il faut que les diff\u00e9rends et les conflits r\u00e9gionaux soient r\u00e9solus pacifiquement. Peut-on imaginer que l&#8217;Inde et le Pakistan, par exemple, puissent renoncer \u00e0 leurs armes nucl\u00e9aires s&#8217;ils ne r\u00e9solvent pas durablement le conflit du Cachemire ? Evidemment pas. L\u2019abolition des armes nucl\u00e9aires exige donc un gros travail diplomatique, qu\u2019elle favorisera en m\u00eame temps, tout comme le trait\u00e9 de Washington permit la chute du mur de Berlin. Elle contribuera \u00e0 instaurer <em>un cercle vertueux<\/em>. En revanche, sans elle, nous courons \u00e0 la catastrophe et nous ne pourrons pas non plus relever les d\u00e9fis gravissimes, tel celui du climat, qui exigent une vraie coop\u00e9ration internationale et une confiance mutuelle. Il va sans dire que ce travail diplomatique ne doit pas seulement impliquer la France et l\u2019Occident, mais aussi la Russie, le Moyen-Orient, Isra\u00ebl et Iran compris, et l\u2019Extr\u00eame-Orient, Inde, Pakistan, Chine et Cor\u00e9es comprises. &nbsp;<\/p>\n\n\n\n<p>En France on ne parle pratiquement pas de ce sujet. C&#8217;est ce qui m&#8217;a conduit \u00e0 me porter de nouveau, vingt ans apr\u00e8s la premi\u00e8re fois, candidat \u00e0 l\u2019\u00e9lection pr\u00e9sidentielle&nbsp;: pour que nous puissions enfin respirer sans cette \u00e9p\u00e9e de Damocl\u00e8s suspendue au-dessus de nos t\u00eates, pour d\u00e9cider nous-m\u00eames quels sont nos \u00ab&nbsp;int\u00e9r\u00eats vitaux&nbsp;\u00bb et comment nous entendons les d\u00e9fendre, pour prendre en main notre destin et nous occuper de mieux vivre entre nous, avec les autres peuples et avec la nature. Pour <a href=\"https:\/\/tousalelysee.net\/index.php\/2021\/12\/10\/tribune-affirmer-la-vie-contre-la-terreur-atomique\/\">affirmer la vie contre la terreur atomique<\/a>.<\/p>\n\n\n\n<p>Tout d\u00e9pend de ce choix capital. La COP 26 a \u00e9t\u00e9 incapable de rassembler 100 milliards de dollars par an pour aider les pays pauvres \u00e0 affronter les effets d\u00e9sastreux du r\u00e9chauffement climatique. Pourtant, le monde a consacr\u00e9, en 2020, <strong>2000 milliards de dollars aux d\u00e9penses militaires<\/strong> <strong>(source\u00a0: SIPRI)<\/strong>\u00a0&#8211; le montant\u00a0le plus \u00e9lev\u00e9 de toute l\u2019histoire de l\u2019humanit\u00e9, guerres mondiales comprises\u00a0! C\u2019est l\u00e0 qu\u2019un choix fondamental doit \u00eatre fait pour l\u2019humanit\u00e9 et la plan\u00e8te. <strong>Privil\u00e9gions la vie et changeons <em>maintenant <\/em>de logiciel !<\/strong> Avant la catastrophe.<\/p>\n\n\n\n<p>Cependant, l\u2019objectif de ma candidature ne s\u2019arr\u00eate pas l\u00e0. Il y a tant de besoins \u00e0 satisfaire, humains, sociaux, alimentaires, \u00e9ducatifs, \u00e9cologiques, sanitaires\u2026 besoins que les bombes ne satisferont jamais&nbsp;! La <a href=\"https:\/\/www.acdn.net\/spip\/spip.php?article1222\">Charte pour une France et un monde humains<\/a>, issue d\u2019une&nbsp;\u00ab&nbsp;convention citoyenne&nbsp;\u00bb r\u00e9unie en 2011 \u00e0 l&#8217;appel de plusieurs associations, pourrait \u00eatre notre \u00ab&nbsp;cahier des charges&nbsp;\u00bb pour b\u00e2tir ce monde ensemble.<\/p>\n\n\n\n<p>Ce choix entra\u00eenera assur\u00e9ment une t\u00e2che consid\u00e9rable. Mais, militant depuis des d\u00e9cennies dans le milieu associatif, je suis certain que la soci\u00e9t\u00e9 fran\u00e7aise est parfaitement capable de l\u2019accomplir, avec l\u2019imagination, l\u2019intelligence, la g\u00e9n\u00e9rosit\u00e9, les comp\u00e9tences et les \u00e9nergies prodigieuses qu\u2019elle rec\u00e8le et qu\u2019il s\u2019agira de mobiliser lors du prochain quinquennat. Gr\u00e2ce \u00e0 la soci\u00e9t\u00e9 civile, \u00e0 chaque citoyen, aux maires, qui contribuent \u00e0 am\u00e9liorer la vie quotidienne des Fran\u00e7ais autant qu\u2019on le leur permet, et \u00e0 tous les \u00e9lus soucieux de d\u00e9mocratie qui parraineront ma candidature pour que le peuple fran\u00e7ais puisse s\u2019exprimer par r\u00e9f\u00e9rendum sur une question dont d\u00e9pendent sa survie et celle de l\u2019humanit\u00e9.<\/p>\n\n\n\n<p><strong>Jean-Marie Matagne<\/strong><\/p>\n\n\n\n<p><a href=\"mailto:contact@acdn.net\"><strong>contact@acdn.net<\/strong><\/a><a href=\"http:\/\/www.tousalelysee.net\"><\/a> &nbsp; <\/p>\n\n\n\n<p><strong><u>P.J.<\/u><\/strong>&nbsp;&nbsp;&nbsp;&nbsp;&nbsp;&nbsp;&nbsp; <strong>&#8211; <\/strong><a href=\"https:\/\/tousalelysee.net\/index.php\/2021\/11\/08\/bonjour-tout-le-monde\/\">Candidature \u00e0 la Pr\u00e9sidentielle 2022 et bref CV<\/a><\/p>\n","protected":false},"excerpt":{"rendered":"<p>Alors que les tambours de guerre battent \u00e0 l\u2019Est de l\u2019Europe, en France on ne voit rien venir en dehors de la N-i\u00e8me vague du Covid, on n\u2019entend rien que les joutes d\u2019ambitieux qui r\u00eavent d\u2019occuper ou de r\u00e9occuper la place du monarque et de jouer les Jupiter, sans autre vision historique que celle de [&hellip;]<\/p>\n","protected":false},"author":2,"featured_media":0,"comment_status":"closed","ping_status":"closed","sticky":false,"template":"","format":"standard","meta":{"footnotes":""},"categories":[1],"tags":[],"class_list":["post-405","post","type-post","status-publish","format-standard","hentry","category-non-classe"],"yoast_head":"<!-- This site is optimized with the Yoast SEO plugin v24.9 - https:\/\/yoast.com\/wordpress\/plugins\/seo\/ -->\n<title>Les Fran\u00e7ais mesurent-ils le danger ? - Tous \u00e0 l&#039;\u00c9lys\u00e9e<\/title>\n<meta name=\"robots\" content=\"index, follow, max-snippet:-1, max-image-preview:large, max-video-preview:-1\" \/>\n<link rel=\"canonical\" href=\"https:\/\/tousalelysee.net\/index.php\/2021\/12\/18\/les-francais-mesurent-ils-le-danger\/\" \/>\n<meta property=\"og:locale\" content=\"en_US\" \/>\n<meta property=\"og:type\" content=\"article\" \/>\n<meta property=\"og:title\" content=\"Les Fran\u00e7ais mesurent-ils le danger ? - Tous \u00e0 l&#039;\u00c9lys\u00e9e\" \/>\n<meta property=\"og:description\" content=\"Alors que les tambours de guerre battent \u00e0 l\u2019Est de l\u2019Europe, en France on ne voit rien venir en dehors de la N-i\u00e8me vague du Covid, on n\u2019entend rien que les joutes d\u2019ambitieux qui r\u00eavent d\u2019occuper ou de r\u00e9occuper la place du monarque et de jouer les Jupiter, sans autre vision historique que celle de [&hellip;]\" \/>\n<meta property=\"og:url\" content=\"https:\/\/tousalelysee.net\/index.php\/2021\/12\/18\/les-francais-mesurent-ils-le-danger\/\" \/>\n<meta property=\"og:site_name\" content=\"Tous \u00e0 l&#039;\u00c9lys\u00e9e\" \/>\n<meta property=\"article:published_time\" content=\"2021-12-18T22:21:41+00:00\" \/>\n<meta property=\"article:modified_time\" content=\"2021-12-19T00:44:43+00:00\" \/>\n<meta name=\"author\" content=\"Jean-Marie Matagne\" \/>\n<meta name=\"twitter:card\" content=\"summary_large_image\" \/>\n<meta name=\"twitter:label1\" content=\"Written by\" \/>\n\t<meta name=\"twitter:data1\" content=\"Jean-Marie Matagne\" \/>\n\t<meta name=\"twitter:label2\" content=\"Est. reading time\" \/>\n\t<meta name=\"twitter:data2\" content=\"6 minutes\" \/>\n<script type=\"application\/ld+json\" class=\"yoast-schema-graph\">{\"@context\":\"https:\/\/schema.org\",\"@graph\":[{\"@type\":\"Article\",\"@id\":\"https:\/\/tousalelysee.net\/index.php\/2021\/12\/18\/les-francais-mesurent-ils-le-danger\/#article\",\"isPartOf\":{\"@id\":\"https:\/\/tousalelysee.net\/index.php\/2021\/12\/18\/les-francais-mesurent-ils-le-danger\/\"},\"author\":{\"name\":\"Jean-Marie Matagne\",\"@id\":\"https:\/\/tousalelysee.net\/#\/schema\/person\/825a2edf2e31377a5d7011698950494c\"},\"headline\":\"Les Fran\u00e7ais mesurent-ils le danger ?\",\"datePublished\":\"2021-12-18T22:21:41+00:00\",\"dateModified\":\"2021-12-19T00:44:43+00:00\",\"mainEntityOfPage\":{\"@id\":\"https:\/\/tousalelysee.net\/index.php\/2021\/12\/18\/les-francais-mesurent-ils-le-danger\/\"},\"wordCount\":1215,\"publisher\":{\"@id\":\"https:\/\/tousalelysee.net\/#\/schema\/person\/825a2edf2e31377a5d7011698950494c\"},\"articleSection\":[\"Pr\u00e9sidentielles 2022\"],\"inLanguage\":\"en-US\"},{\"@type\":\"WebPage\",\"@id\":\"https:\/\/tousalelysee.net\/index.php\/2021\/12\/18\/les-francais-mesurent-ils-le-danger\/\",\"url\":\"https:\/\/tousalelysee.net\/index.php\/2021\/12\/18\/les-francais-mesurent-ils-le-danger\/\",\"name\":\"Les Fran\u00e7ais mesurent-ils le danger ? - Tous \u00e0 l&#039;\u00c9lys\u00e9e\",\"isPartOf\":{\"@id\":\"https:\/\/tousalelysee.net\/#website\"},\"datePublished\":\"2021-12-18T22:21:41+00:00\",\"dateModified\":\"2021-12-19T00:44:43+00:00\",\"breadcrumb\":{\"@id\":\"https:\/\/tousalelysee.net\/index.php\/2021\/12\/18\/les-francais-mesurent-ils-le-danger\/#breadcrumb\"},\"inLanguage\":\"en-US\",\"potentialAction\":[{\"@type\":\"ReadAction\",\"target\":[\"https:\/\/tousalelysee.net\/index.php\/2021\/12\/18\/les-francais-mesurent-ils-le-danger\/\"]}]},{\"@type\":\"BreadcrumbList\",\"@id\":\"https:\/\/tousalelysee.net\/index.php\/2021\/12\/18\/les-francais-mesurent-ils-le-danger\/#breadcrumb\",\"itemListElement\":[{\"@type\":\"ListItem\",\"position\":1,\"name\":\"Accueil\",\"item\":\"https:\/\/tousalelysee.net\/\"},{\"@type\":\"ListItem\",\"position\":2,\"name\":\"Les Fran\u00e7ais mesurent-ils le danger ?\"}]},{\"@type\":\"WebSite\",\"@id\":\"https:\/\/tousalelysee.net\/#website\",\"url\":\"https:\/\/tousalelysee.net\/\",\"name\":\"Tous \u00e0 l'\u00c9lys\u00e9e\",\"description\":\"Comit\u00e9 de soutien \u00e0 la candidature de Jean Marie Matagne\",\"publisher\":{\"@id\":\"https:\/\/tousalelysee.net\/#\/schema\/person\/825a2edf2e31377a5d7011698950494c\"},\"potentialAction\":[{\"@type\":\"SearchAction\",\"target\":{\"@type\":\"EntryPoint\",\"urlTemplate\":\"https:\/\/tousalelysee.net\/?s={search_term_string}\"},\"query-input\":{\"@type\":\"PropertyValueSpecification\",\"valueRequired\":true,\"valueName\":\"search_term_string\"}}],\"inLanguage\":\"en-US\"},{\"@type\":[\"Person\",\"Organization\"],\"@id\":\"https:\/\/tousalelysee.net\/#\/schema\/person\/825a2edf2e31377a5d7011698950494c\",\"name\":\"Jean-Marie Matagne\",\"image\":{\"@type\":\"ImageObject\",\"inLanguage\":\"en-US\",\"@id\":\"https:\/\/tousalelysee.net\/#\/schema\/person\/image\/\",\"url\":\"https:\/\/secure.gravatar.com\/avatar\/ce7b23af69c7ad417200622d5999f588e50c14977aec8104613b9036a66a9eb5?s=96&d=mm&r=g\",\"contentUrl\":\"https:\/\/secure.gravatar.com\/avatar\/ce7b23af69c7ad417200622d5999f588e50c14977aec8104613b9036a66a9eb5?s=96&d=mm&r=g\",\"caption\":\"Jean-Marie Matagne\"},\"logo\":{\"@id\":\"https:\/\/tousalelysee.net\/#\/schema\/person\/image\/\"},\"url\":\"https:\/\/tousalelysee.net\/index.php\/author\/jean-marie-matagne\/\"}]}<\/script>\n<!-- \/ Yoast SEO plugin. -->","yoast_head_json":{"title":"Les Fran\u00e7ais mesurent-ils le danger ? - Tous \u00e0 l&#039;\u00c9lys\u00e9e","robots":{"index":"index","follow":"follow","max-snippet":"max-snippet:-1","max-image-preview":"max-image-preview:large","max-video-preview":"max-video-preview:-1"},"canonical":"https:\/\/tousalelysee.net\/index.php\/2021\/12\/18\/les-francais-mesurent-ils-le-danger\/","og_locale":"en_US","og_type":"article","og_title":"Les Fran\u00e7ais mesurent-ils le danger ? - Tous \u00e0 l&#039;\u00c9lys\u00e9e","og_description":"Alors que les tambours de guerre battent \u00e0 l\u2019Est de l\u2019Europe, en France on ne voit rien venir en dehors de la N-i\u00e8me vague du Covid, on n\u2019entend rien que les joutes d\u2019ambitieux qui r\u00eavent d\u2019occuper ou de r\u00e9occuper la place du monarque et de jouer les Jupiter, sans autre vision historique que celle de [&hellip;]","og_url":"https:\/\/tousalelysee.net\/index.php\/2021\/12\/18\/les-francais-mesurent-ils-le-danger\/","og_site_name":"Tous \u00e0 l&#039;\u00c9lys\u00e9e","article_published_time":"2021-12-18T22:21:41+00:00","article_modified_time":"2021-12-19T00:44:43+00:00","author":"Jean-Marie Matagne","twitter_card":"summary_large_image","twitter_misc":{"Written by":"Jean-Marie Matagne","Est. reading time":"6 minutes"},"schema":{"@context":"https:\/\/schema.org","@graph":[{"@type":"Article","@id":"https:\/\/tousalelysee.net\/index.php\/2021\/12\/18\/les-francais-mesurent-ils-le-danger\/#article","isPartOf":{"@id":"https:\/\/tousalelysee.net\/index.php\/2021\/12\/18\/les-francais-mesurent-ils-le-danger\/"},"author":{"name":"Jean-Marie Matagne","@id":"https:\/\/tousalelysee.net\/#\/schema\/person\/825a2edf2e31377a5d7011698950494c"},"headline":"Les Fran\u00e7ais mesurent-ils le danger ?","datePublished":"2021-12-18T22:21:41+00:00","dateModified":"2021-12-19T00:44:43+00:00","mainEntityOfPage":{"@id":"https:\/\/tousalelysee.net\/index.php\/2021\/12\/18\/les-francais-mesurent-ils-le-danger\/"},"wordCount":1215,"publisher":{"@id":"https:\/\/tousalelysee.net\/#\/schema\/person\/825a2edf2e31377a5d7011698950494c"},"articleSection":["Pr\u00e9sidentielles 2022"],"inLanguage":"en-US"},{"@type":"WebPage","@id":"https:\/\/tousalelysee.net\/index.php\/2021\/12\/18\/les-francais-mesurent-ils-le-danger\/","url":"https:\/\/tousalelysee.net\/index.php\/2021\/12\/18\/les-francais-mesurent-ils-le-danger\/","name":"Les Fran\u00e7ais mesurent-ils le danger ? - Tous \u00e0 l&#039;\u00c9lys\u00e9e","isPartOf":{"@id":"https:\/\/tousalelysee.net\/#website"},"datePublished":"2021-12-18T22:21:41+00:00","dateModified":"2021-12-19T00:44:43+00:00","breadcrumb":{"@id":"https:\/\/tousalelysee.net\/index.php\/2021\/12\/18\/les-francais-mesurent-ils-le-danger\/#breadcrumb"},"inLanguage":"en-US","potentialAction":[{"@type":"ReadAction","target":["https:\/\/tousalelysee.net\/index.php\/2021\/12\/18\/les-francais-mesurent-ils-le-danger\/"]}]},{"@type":"BreadcrumbList","@id":"https:\/\/tousalelysee.net\/index.php\/2021\/12\/18\/les-francais-mesurent-ils-le-danger\/#breadcrumb","itemListElement":[{"@type":"ListItem","position":1,"name":"Accueil","item":"https:\/\/tousalelysee.net\/"},{"@type":"ListItem","position":2,"name":"Les Fran\u00e7ais mesurent-ils le danger ?"}]},{"@type":"WebSite","@id":"https:\/\/tousalelysee.net\/#website","url":"https:\/\/tousalelysee.net\/","name":"Tous \u00e0 l'\u00c9lys\u00e9e","description":"Comit\u00e9 de soutien \u00e0 la candidature de Jean Marie Matagne","publisher":{"@id":"https:\/\/tousalelysee.net\/#\/schema\/person\/825a2edf2e31377a5d7011698950494c"},"potentialAction":[{"@type":"SearchAction","target":{"@type":"EntryPoint","urlTemplate":"https:\/\/tousalelysee.net\/?s={search_term_string}"},"query-input":{"@type":"PropertyValueSpecification","valueRequired":true,"valueName":"search_term_string"}}],"inLanguage":"en-US"},{"@type":["Person","Organization"],"@id":"https:\/\/tousalelysee.net\/#\/schema\/person\/825a2edf2e31377a5d7011698950494c","name":"Jean-Marie Matagne","image":{"@type":"ImageObject","inLanguage":"en-US","@id":"https:\/\/tousalelysee.net\/#\/schema\/person\/image\/","url":"https:\/\/secure.gravatar.com\/avatar\/ce7b23af69c7ad417200622d5999f588e50c14977aec8104613b9036a66a9eb5?s=96&d=mm&r=g","contentUrl":"https:\/\/secure.gravatar.com\/avatar\/ce7b23af69c7ad417200622d5999f588e50c14977aec8104613b9036a66a9eb5?s=96&d=mm&r=g","caption":"Jean-Marie Matagne"},"logo":{"@id":"https:\/\/tousalelysee.net\/#\/schema\/person\/image\/"},"url":"https:\/\/tousalelysee.net\/index.php\/author\/jean-marie-matagne\/"}]}},"_links":{"self":[{"href":"https:\/\/tousalelysee.net\/index.php\/wp-json\/wp\/v2\/posts\/405","targetHints":{"allow":["GET"]}}],"collection":[{"href":"https:\/\/tousalelysee.net\/index.php\/wp-json\/wp\/v2\/posts"}],"about":[{"href":"https:\/\/tousalelysee.net\/index.php\/wp-json\/wp\/v2\/types\/post"}],"author":[{"embeddable":true,"href":"https:\/\/tousalelysee.net\/index.php\/wp-json\/wp\/v2\/users\/2"}],"replies":[{"embeddable":true,"href":"https:\/\/tousalelysee.net\/index.php\/wp-json\/wp\/v2\/comments?post=405"}],"version-history":[{"count":11,"href":"https:\/\/tousalelysee.net\/index.php\/wp-json\/wp\/v2\/posts\/405\/revisions"}],"predecessor-version":[{"id":427,"href":"https:\/\/tousalelysee.net\/index.php\/wp-json\/wp\/v2\/posts\/405\/revisions\/427"}],"wp:attachment":[{"href":"https:\/\/tousalelysee.net\/index.php\/wp-json\/wp\/v2\/media?parent=405"}],"wp:term":[{"taxonomy":"category","embeddable":true,"href":"https:\/\/tousalelysee.net\/index.php\/wp-json\/wp\/v2\/categories?post=405"},{"taxonomy":"post_tag","embeddable":true,"href":"https:\/\/tousalelysee.net\/index.php\/wp-json\/wp\/v2\/tags?post=405"}],"curies":[{"name":"wp","href":"https:\/\/api.w.org\/{rel}","templated":true}]}}