{"id":115,"date":"2021-11-10T11:25:00","date_gmt":"2021-11-10T10:25:00","guid":{"rendered":"http:\/\/tousalelysee.net\/?p=115"},"modified":"2021-11-11T16:49:23","modified_gmt":"2021-11-11T15:49:23","slug":"emmanuel-macron-prestidigitateur","status":"publish","type":"post","link":"https:\/\/tousalelysee.net\/index.php\/2021\/11\/10\/emmanuel-macron-prestidigitateur\/","title":{"rendered":"Emmanuel Macron, prestidigitateur"},"content":{"rendered":"\n<p>Communiqu\u00e9 de presse, Saintes, le 10 novembre 2021<\/p>\n\n\n\n<p>Ce 9 novembre, M.&nbsp;Macron a probablement d\u00e9livr\u00e9 le meilleur de ses discours de la p\u00e9riode \u00ab&nbsp;Covid&nbsp;\u00bb, le plus s\u00e9duisant, le plus habile. Celui dans lequel il s\u2019attribue &#8211; avec une modestie inhabituelle, le \u00ab&nbsp;nous&nbsp;\u00bb venant remplacer le \u00ab&nbsp;je&nbsp;\u00bb\u2026 &#8211; le succ\u00e8s pr\u00e9sum\u00e9 d\u2019une lutte contre le Covid pourtant extr\u00eamement mal partie, et les effets \u00e9conomiques suppos\u00e9s de ses choix sanitaires.<\/p>\n\n\n\n<p>Nous ne devons pas pour autant nous laisser prendre \u00e0 ses tours de prestidigitation. Par exemple celui-ci&nbsp;: <em>\u00ab&nbsp;C\u2019est par le travail que nous pouvons b\u00e2tir notre ind\u00e9pendance \u00e9nerg\u00e9tique\u2026 Mais si nous voulons payer notre \u00e9nergie \u00e0 des tarifs raisonnables et ne pas d\u00e9pendre de l\u2019\u00e9tranger, il nous faut tout \u00e0 la fois continuer d\u2019\u00e9conomiser l\u2019\u00e9nergie et d\u2019investir dans la production d\u2019\u00e9nergie d\u00e9carbon\u00e9e sur notre sol. C\u2019est pourquoi, pour garantir l\u2019ind\u00e9pendance \u00e9nerg\u00e9tique de la France, pour garantir l\u2019approvisionnement \u00e9lectrique de notre pays, nous allons, pour la premi\u00e8re fois depuis des d\u00e9cennies, relancer la construction de r\u00e9acteurs nucl\u00e9aires dans notre pays.&nbsp;\u00bb<\/em><\/p>\n\n\n\n<p>M.&nbsp;Macron oublie que la production d\u2019\u00e9lectricit\u00e9 d\u2019origine nucl\u00e9aire est d\u00e9j\u00e0 plus on\u00e9reuse que celle provenant des \u00e9nergies renouvelables et qu\u2019elle le deviendra de plus en plus&nbsp;; que c\u2019est tr\u00e8s loin d\u2019\u00eatre une \u00ab&nbsp;\u00e9nergie d\u00e9carbon\u00e9e&nbsp;\u00bb (donc b\u00e9n\u00e9fique au climat) quand on prend en compte son amont (construction des centrales, alimentation en combustible\u2026), son fonctionnement (66% de la chaleur produite sert \u00e0 r\u00e9chauffer l\u2019atmosph\u00e8re, \u00e9missions de gaz \u00e0 effet de serre comme le R134a, 3700 fois plus nocif que le CO2, effluents radioactifs, etc.) et son aval (d\u00e9mant\u00e8lement des centrales, garde des d\u00e9chets radioactifs pendant des mill\u00e9naires&#8230;). Sans parler des risques d\u2019accidents majeurs -comme celui qui faillit se produire le 27 d\u00e9cembre 1999 \u00e0 Blaye- d\u2019un co\u00fbt humain, environnemental et financier tellement exorbitant que personne n\u2019ose l\u2019assumer, sauf l\u2019Etat, en notre nom et \u00e0 nos d\u00e9pens.<\/p>\n\n\n\n<p>M.&nbsp;Macron prof\u00e8re en outre un \u00e9norme mensonge puisque le nucl\u00e9aire, contrairement \u00e0 ce qu\u2019il nous raconte et aux \u00e9nergies alternatives, nous rend <em>totalement d\u00e9pendants de l\u2019\u00e9tranger<\/em>&nbsp;: il fonctionne \u00e0 partir du minerai d\u2019uranium, source d\u2019\u00e9nergie fossile et non renouvelable dont pas le moindre kilo n\u2019est d\u00e9sormais exhum\u00e9 en France. De sorte que les prochaines guerres seront celles de l\u2019uranium.<\/p>\n\n\n\n<p>En fait, l\u2019\u00e9nergie nucl\u00e9aire est une scandaleuse escroquerie climatique, \u00e9cologique, s\u00e9curitaire\u2026 et d\u00e9mocratique&nbsp;! Car qu\u2019est-ce qui permet \u00e0 M.&nbsp;Macron d\u2019affirmer que \u00ab&nbsp;nous allons\u2026 relancer la construction de r\u00e9acteurs nucl\u00e9aires dans notre pays&nbsp;\u00bb, sinon sa conviction autocratique qu\u2019il suffit qu\u2019il ait d\u00e9cid\u00e9 quelque chose pour qu\u2019aussit\u00f4t les Fran\u00e7ais s\u2019y soumettent et votent pour lui&nbsp;!<\/p>\n\n\n\n<p>Autre tour de passe-passe\u00a0: M.\u00a0Macron affirme que <em>&#8220;oui, la France a les moyens de conforter ses positions de grande puissance, \u00e9ducative, industrielle, agricole, d\u2019innover, de cr\u00e9er et produire en tenant nos objectifs climatiques et de biodiversit\u00e9\u2026&#8221;<\/em> Il oublie juste de dire que la France s\u2019exporte avant tout comme une grande puissance <strong>militaire<\/strong>, 3e vendeur d\u2019armes du monde et jusqu\u2019\u00e0 pr\u00e9sent 3e puissance nucl\u00e9aire apr\u00e8s les Etats-Unis et la Russie. C\u2019est ainsi qu\u2019il escamote l\u2019unique raison pour laquelle il nous vend l\u2019\u00e9nergie nucl\u00e9aire comme une \u00e9nergie d\u2019avenir, alors que c\u2019est une \u00e9nergie en faillite, catastrophique \u00e0 tous \u00e9gards. <strong>M.\u00a0Macron nous vend les instruments de mort comme il les vend au reste du monde.<\/strong><\/p>\n\n\n\n<p>Par exemple aux Emirats Arabes Unis, en guerre au Y\u00e9men, qui sponsorisent son Forum de Paris sur la Paix.<br><em>Cf.<\/em> <a href=\"https:\/\/www.acdn.net\/spip\/spip.php?article1212\">Ventes d\u2019armes et langue de bois&nbsp;: la tartuferie fran\u00e7aise<\/a> (Lettre \u00e0 Florence Parly).<br>Ou encore en justifiant la prolif\u00e9ration des armes nucl\u00e9aires par la perp\u00e9tuelle et ruineuse modernisation des n\u00f4tres.<\/p>\n\n\n\n<p><strong>Jean-Marie Matagne<\/strong><br><strong><a href=\"https:\/\/www.acdn.net\/spip\/spip.php?article1263\">Candidat \u00e0 l\u2019\u00e9lection pr\u00e9sidentielle de 2022<\/a><\/strong><br><strong>Pour un monde d\u00e9carbon\u00e9, d\u00e9nucl\u00e9aris\u00e9, d\u00e9militaris\u00e9<\/strong><\/p>\n","protected":false},"excerpt":{"rendered":"<p>Communiqu\u00e9 de presse, Saintes, le 10 novembre 2021 Ce 9 novembre, M.&nbsp;Macron a probablement d\u00e9livr\u00e9 le meilleur de ses discours de la p\u00e9riode \u00ab&nbsp;Covid&nbsp;\u00bb, le plus s\u00e9duisant, le plus habile. Celui dans lequel il s\u2019attribue &#8211; avec une modestie inhabituelle, le \u00ab&nbsp;nous&nbsp;\u00bb venant remplacer le \u00ab&nbsp;je&nbsp;\u00bb\u2026 &#8211; le succ\u00e8s pr\u00e9sum\u00e9 d\u2019une lutte contre le Covid [&hellip;]<\/p>\n","protected":false},"author":2,"featured_media":0,"comment_status":"closed","ping_status":"open","sticky":false,"template":"","format":"standard","meta":{"footnotes":""},"categories":[1],"tags":[],"class_list":["post-115","post","type-post","status-publish","format-standard","hentry","category-non-classe"],"yoast_head":"<!-- This site is optimized with the Yoast SEO plugin v24.9 - https:\/\/yoast.com\/wordpress\/plugins\/seo\/ -->\n<title>Emmanuel Macron, prestidigitateur - Tous \u00e0 l&#039;\u00c9lys\u00e9e<\/title>\n<meta name=\"robots\" content=\"index, follow, max-snippet:-1, max-image-preview:large, max-video-preview:-1\" \/>\n<link rel=\"canonical\" href=\"https:\/\/tousalelysee.net\/index.php\/2021\/11\/10\/emmanuel-macron-prestidigitateur\/\" \/>\n<meta property=\"og:locale\" content=\"en_US\" \/>\n<meta property=\"og:type\" content=\"article\" \/>\n<meta property=\"og:title\" content=\"Emmanuel Macron, prestidigitateur - Tous \u00e0 l&#039;\u00c9lys\u00e9e\" \/>\n<meta property=\"og:description\" content=\"Communiqu\u00e9 de presse, Saintes, le 10 novembre 2021 Ce 9 novembre, M.&nbsp;Macron a probablement d\u00e9livr\u00e9 le meilleur de ses discours de la p\u00e9riode \u00ab&nbsp;Covid&nbsp;\u00bb, le plus s\u00e9duisant, le plus habile. Celui dans lequel il s\u2019attribue &#8211; avec une modestie inhabituelle, le \u00ab&nbsp;nous&nbsp;\u00bb venant remplacer le \u00ab&nbsp;je&nbsp;\u00bb\u2026 &#8211; le succ\u00e8s pr\u00e9sum\u00e9 d\u2019une lutte contre le Covid [&hellip;]\" \/>\n<meta property=\"og:url\" content=\"https:\/\/tousalelysee.net\/index.php\/2021\/11\/10\/emmanuel-macron-prestidigitateur\/\" \/>\n<meta property=\"og:site_name\" content=\"Tous \u00e0 l&#039;\u00c9lys\u00e9e\" \/>\n<meta property=\"article:published_time\" content=\"2021-11-10T10:25:00+00:00\" \/>\n<meta property=\"article:modified_time\" content=\"2021-11-11T15:49:23+00:00\" \/>\n<meta name=\"author\" content=\"Jean-Marie Matagne\" \/>\n<meta name=\"twitter:card\" content=\"summary_large_image\" \/>\n<meta name=\"twitter:label1\" content=\"Written by\" \/>\n\t<meta name=\"twitter:data1\" content=\"Jean-Marie Matagne\" \/>\n\t<meta name=\"twitter:label2\" content=\"Est. reading time\" \/>\n\t<meta name=\"twitter:data2\" content=\"3 minutes\" \/>\n<script type=\"application\/ld+json\" class=\"yoast-schema-graph\">{\"@context\":\"https:\/\/schema.org\",\"@graph\":[{\"@type\":\"Article\",\"@id\":\"https:\/\/tousalelysee.net\/index.php\/2021\/11\/10\/emmanuel-macron-prestidigitateur\/#article\",\"isPartOf\":{\"@id\":\"https:\/\/tousalelysee.net\/index.php\/2021\/11\/10\/emmanuel-macron-prestidigitateur\/\"},\"author\":{\"name\":\"Jean-Marie Matagne\",\"@id\":\"https:\/\/tousalelysee.net\/#\/schema\/person\/825a2edf2e31377a5d7011698950494c\"},\"headline\":\"Emmanuel Macron, prestidigitateur\",\"datePublished\":\"2021-11-10T10:25:00+00:00\",\"dateModified\":\"2021-11-11T15:49:23+00:00\",\"mainEntityOfPage\":{\"@id\":\"https:\/\/tousalelysee.net\/index.php\/2021\/11\/10\/emmanuel-macron-prestidigitateur\/\"},\"wordCount\":710,\"publisher\":{\"@id\":\"https:\/\/tousalelysee.net\/#\/schema\/person\/825a2edf2e31377a5d7011698950494c\"},\"articleSection\":[\"Pr\u00e9sidentielles 2022\"],\"inLanguage\":\"en-US\"},{\"@type\":\"WebPage\",\"@id\":\"https:\/\/tousalelysee.net\/index.php\/2021\/11\/10\/emmanuel-macron-prestidigitateur\/\",\"url\":\"https:\/\/tousalelysee.net\/index.php\/2021\/11\/10\/emmanuel-macron-prestidigitateur\/\",\"name\":\"Emmanuel Macron, prestidigitateur - Tous \u00e0 l&#039;\u00c9lys\u00e9e\",\"isPartOf\":{\"@id\":\"https:\/\/tousalelysee.net\/#website\"},\"datePublished\":\"2021-11-10T10:25:00+00:00\",\"dateModified\":\"2021-11-11T15:49:23+00:00\",\"breadcrumb\":{\"@id\":\"https:\/\/tousalelysee.net\/index.php\/2021\/11\/10\/emmanuel-macron-prestidigitateur\/#breadcrumb\"},\"inLanguage\":\"en-US\",\"potentialAction\":[{\"@type\":\"ReadAction\",\"target\":[\"https:\/\/tousalelysee.net\/index.php\/2021\/11\/10\/emmanuel-macron-prestidigitateur\/\"]}]},{\"@type\":\"BreadcrumbList\",\"@id\":\"https:\/\/tousalelysee.net\/index.php\/2021\/11\/10\/emmanuel-macron-prestidigitateur\/#breadcrumb\",\"itemListElement\":[{\"@type\":\"ListItem\",\"position\":1,\"name\":\"Accueil\",\"item\":\"https:\/\/tousalelysee.net\/\"},{\"@type\":\"ListItem\",\"position\":2,\"name\":\"Emmanuel Macron, prestidigitateur\"}]},{\"@type\":\"WebSite\",\"@id\":\"https:\/\/tousalelysee.net\/#website\",\"url\":\"https:\/\/tousalelysee.net\/\",\"name\":\"Tous \u00e0 l'\u00c9lys\u00e9e\",\"description\":\"Comit\u00e9 de soutien \u00e0 la candidature de Jean Marie Matagne\",\"publisher\":{\"@id\":\"https:\/\/tousalelysee.net\/#\/schema\/person\/825a2edf2e31377a5d7011698950494c\"},\"potentialAction\":[{\"@type\":\"SearchAction\",\"target\":{\"@type\":\"EntryPoint\",\"urlTemplate\":\"https:\/\/tousalelysee.net\/?s={search_term_string}\"},\"query-input\":{\"@type\":\"PropertyValueSpecification\",\"valueRequired\":true,\"valueName\":\"search_term_string\"}}],\"inLanguage\":\"en-US\"},{\"@type\":[\"Person\",\"Organization\"],\"@id\":\"https:\/\/tousalelysee.net\/#\/schema\/person\/825a2edf2e31377a5d7011698950494c\",\"name\":\"Jean-Marie Matagne\",\"image\":{\"@type\":\"ImageObject\",\"inLanguage\":\"en-US\",\"@id\":\"https:\/\/tousalelysee.net\/#\/schema\/person\/image\/\",\"url\":\"https:\/\/secure.gravatar.com\/avatar\/ce7b23af69c7ad417200622d5999f588e50c14977aec8104613b9036a66a9eb5?s=96&d=mm&r=g\",\"contentUrl\":\"https:\/\/secure.gravatar.com\/avatar\/ce7b23af69c7ad417200622d5999f588e50c14977aec8104613b9036a66a9eb5?s=96&d=mm&r=g\",\"caption\":\"Jean-Marie Matagne\"},\"logo\":{\"@id\":\"https:\/\/tousalelysee.net\/#\/schema\/person\/image\/\"},\"url\":\"https:\/\/tousalelysee.net\/index.php\/author\/jean-marie-matagne\/\"}]}<\/script>\n<!-- \/ Yoast SEO plugin. -->","yoast_head_json":{"title":"Emmanuel Macron, prestidigitateur - Tous \u00e0 l&#039;\u00c9lys\u00e9e","robots":{"index":"index","follow":"follow","max-snippet":"max-snippet:-1","max-image-preview":"max-image-preview:large","max-video-preview":"max-video-preview:-1"},"canonical":"https:\/\/tousalelysee.net\/index.php\/2021\/11\/10\/emmanuel-macron-prestidigitateur\/","og_locale":"en_US","og_type":"article","og_title":"Emmanuel Macron, prestidigitateur - Tous \u00e0 l&#039;\u00c9lys\u00e9e","og_description":"Communiqu\u00e9 de presse, Saintes, le 10 novembre 2021 Ce 9 novembre, M.&nbsp;Macron a probablement d\u00e9livr\u00e9 le meilleur de ses discours de la p\u00e9riode \u00ab&nbsp;Covid&nbsp;\u00bb, le plus s\u00e9duisant, le plus habile. Celui dans lequel il s\u2019attribue &#8211; avec une modestie inhabituelle, le \u00ab&nbsp;nous&nbsp;\u00bb venant remplacer le \u00ab&nbsp;je&nbsp;\u00bb\u2026 &#8211; le succ\u00e8s pr\u00e9sum\u00e9 d\u2019une lutte contre le Covid [&hellip;]","og_url":"https:\/\/tousalelysee.net\/index.php\/2021\/11\/10\/emmanuel-macron-prestidigitateur\/","og_site_name":"Tous \u00e0 l&#039;\u00c9lys\u00e9e","article_published_time":"2021-11-10T10:25:00+00:00","article_modified_time":"2021-11-11T15:49:23+00:00","author":"Jean-Marie Matagne","twitter_card":"summary_large_image","twitter_misc":{"Written by":"Jean-Marie Matagne","Est. reading time":"3 minutes"},"schema":{"@context":"https:\/\/schema.org","@graph":[{"@type":"Article","@id":"https:\/\/tousalelysee.net\/index.php\/2021\/11\/10\/emmanuel-macron-prestidigitateur\/#article","isPartOf":{"@id":"https:\/\/tousalelysee.net\/index.php\/2021\/11\/10\/emmanuel-macron-prestidigitateur\/"},"author":{"name":"Jean-Marie Matagne","@id":"https:\/\/tousalelysee.net\/#\/schema\/person\/825a2edf2e31377a5d7011698950494c"},"headline":"Emmanuel Macron, prestidigitateur","datePublished":"2021-11-10T10:25:00+00:00","dateModified":"2021-11-11T15:49:23+00:00","mainEntityOfPage":{"@id":"https:\/\/tousalelysee.net\/index.php\/2021\/11\/10\/emmanuel-macron-prestidigitateur\/"},"wordCount":710,"publisher":{"@id":"https:\/\/tousalelysee.net\/#\/schema\/person\/825a2edf2e31377a5d7011698950494c"},"articleSection":["Pr\u00e9sidentielles 2022"],"inLanguage":"en-US"},{"@type":"WebPage","@id":"https:\/\/tousalelysee.net\/index.php\/2021\/11\/10\/emmanuel-macron-prestidigitateur\/","url":"https:\/\/tousalelysee.net\/index.php\/2021\/11\/10\/emmanuel-macron-prestidigitateur\/","name":"Emmanuel Macron, prestidigitateur - Tous \u00e0 l&#039;\u00c9lys\u00e9e","isPartOf":{"@id":"https:\/\/tousalelysee.net\/#website"},"datePublished":"2021-11-10T10:25:00+00:00","dateModified":"2021-11-11T15:49:23+00:00","breadcrumb":{"@id":"https:\/\/tousalelysee.net\/index.php\/2021\/11\/10\/emmanuel-macron-prestidigitateur\/#breadcrumb"},"inLanguage":"en-US","potentialAction":[{"@type":"ReadAction","target":["https:\/\/tousalelysee.net\/index.php\/2021\/11\/10\/emmanuel-macron-prestidigitateur\/"]}]},{"@type":"BreadcrumbList","@id":"https:\/\/tousalelysee.net\/index.php\/2021\/11\/10\/emmanuel-macron-prestidigitateur\/#breadcrumb","itemListElement":[{"@type":"ListItem","position":1,"name":"Accueil","item":"https:\/\/tousalelysee.net\/"},{"@type":"ListItem","position":2,"name":"Emmanuel Macron, prestidigitateur"}]},{"@type":"WebSite","@id":"https:\/\/tousalelysee.net\/#website","url":"https:\/\/tousalelysee.net\/","name":"Tous \u00e0 l'\u00c9lys\u00e9e","description":"Comit\u00e9 de soutien \u00e0 la candidature de Jean Marie Matagne","publisher":{"@id":"https:\/\/tousalelysee.net\/#\/schema\/person\/825a2edf2e31377a5d7011698950494c"},"potentialAction":[{"@type":"SearchAction","target":{"@type":"EntryPoint","urlTemplate":"https:\/\/tousalelysee.net\/?s={search_term_string}"},"query-input":{"@type":"PropertyValueSpecification","valueRequired":true,"valueName":"search_term_string"}}],"inLanguage":"en-US"},{"@type":["Person","Organization"],"@id":"https:\/\/tousalelysee.net\/#\/schema\/person\/825a2edf2e31377a5d7011698950494c","name":"Jean-Marie Matagne","image":{"@type":"ImageObject","inLanguage":"en-US","@id":"https:\/\/tousalelysee.net\/#\/schema\/person\/image\/","url":"https:\/\/secure.gravatar.com\/avatar\/ce7b23af69c7ad417200622d5999f588e50c14977aec8104613b9036a66a9eb5?s=96&d=mm&r=g","contentUrl":"https:\/\/secure.gravatar.com\/avatar\/ce7b23af69c7ad417200622d5999f588e50c14977aec8104613b9036a66a9eb5?s=96&d=mm&r=g","caption":"Jean-Marie Matagne"},"logo":{"@id":"https:\/\/tousalelysee.net\/#\/schema\/person\/image\/"},"url":"https:\/\/tousalelysee.net\/index.php\/author\/jean-marie-matagne\/"}]}},"_links":{"self":[{"href":"https:\/\/tousalelysee.net\/index.php\/wp-json\/wp\/v2\/posts\/115","targetHints":{"allow":["GET"]}}],"collection":[{"href":"https:\/\/tousalelysee.net\/index.php\/wp-json\/wp\/v2\/posts"}],"about":[{"href":"https:\/\/tousalelysee.net\/index.php\/wp-json\/wp\/v2\/types\/post"}],"author":[{"embeddable":true,"href":"https:\/\/tousalelysee.net\/index.php\/wp-json\/wp\/v2\/users\/2"}],"replies":[{"embeddable":true,"href":"https:\/\/tousalelysee.net\/index.php\/wp-json\/wp\/v2\/comments?post=115"}],"version-history":[{"count":3,"href":"https:\/\/tousalelysee.net\/index.php\/wp-json\/wp\/v2\/posts\/115\/revisions"}],"predecessor-version":[{"id":176,"href":"https:\/\/tousalelysee.net\/index.php\/wp-json\/wp\/v2\/posts\/115\/revisions\/176"}],"wp:attachment":[{"href":"https:\/\/tousalelysee.net\/index.php\/wp-json\/wp\/v2\/media?parent=115"}],"wp:term":[{"taxonomy":"category","embeddable":true,"href":"https:\/\/tousalelysee.net\/index.php\/wp-json\/wp\/v2\/categories?post=115"},{"taxonomy":"post_tag","embeddable":true,"href":"https:\/\/tousalelysee.net\/index.php\/wp-json\/wp\/v2\/tags?post=115"}],"curies":[{"name":"wp","href":"https:\/\/api.w.org\/{rel}","templated":true}]}}